{"id":63,"date":"2012-07-26T13:25:00","date_gmt":"2012-07-26T12:25:00","guid":{"rendered":"http:\/\/www.nereadediego.com\/sum-2\/"},"modified":"2017-05-19T18:11:17","modified_gmt":"2017-05-19T17:11:17","slug":"sum-2","status":"publish","type":"post","link":"https:\/\/www.nereadediego.com\/en\/sum-2\/","title":{"rendered":"SUM"},"content":{"rendered":"<p><\/p>\n<div><a href=\"http:\/\/www.nereadediego.com\/wp-content\/uploads\/2014\/01\/Sum.jpg\"><img loading=\"lazy\" decoding=\"async\" class=\"wp-image-281 alignleft\" src=\"http:\/\/www.nereadediego.com\/wp-content\/uploads\/2014\/01\/Sum.jpg\" alt=\"Sum\" width=\"248\" height=\"287\" \/><\/a><\/div>\n<div><span style=\"color: #808080;\">Collective exhibition <\/span><\/div>\n<p>2012 july 27\u00a0 &#8211; september 2<\/p>\n<div>Pabell\u00f3n de Mixtos. Ciudadela<\/div>\n<div><\/div>\n<div>Curated by Raquel Medina<\/div>\n<div><span dir=\"ltr\">Participants:<\/span><\/div>\n<div><span dir=\"ltr\">Antoni Alc\u00e1sser, Nerea de Diego, Yotta Kippe, <\/span><\/div>\n<div><span dir=\"ltr\">Carmen Mariscal, R\u00f3mulo Royo y Balanza.<\/span><\/div>\n<div><a href=\"http:\/\/www.pamplona.es\/verPagina.asp?idPag=1451&amp;idioma=1\">www.pamplona.es<\/a><\/div>\n<p><\/p>","protected":false},"excerpt":{"rendered":"<p>Collective exhibition 2012 july 27\u00a0 &#8211; september 2 Pabell\u00f3n de Mixtos. Ciudadela Curated by Raquel Medina Participants: Antoni Alc\u00e1sser, Nerea de Diego, Yotta Kippe, Carmen Mariscal, R\u00f3mulo Royo y Balanza. www.pamplona.es<\/p>\n","protected":false},"author":1,"featured_media":0,"comment_status":"closed","ping_status":"open","sticky":false,"template":"","format":"standard","meta":{"ngg_post_thumbnail":0,"footnotes":""},"categories":[1],"tags":[],"class_list":["post-63","post","type-post","status-publish","format-standard","hentry","category-sin-categoria"],"aioseo_notices":[],"_links":{"self":[{"href":"https:\/\/www.nereadediego.com\/en\/wp-json\/wp\/v2\/posts\/63"}],"collection":[{"href":"https:\/\/www.nereadediego.com\/en\/wp-json\/wp\/v2\/posts"}],"about":[{"href":"https:\/\/www.nereadediego.com\/en\/wp-json\/wp\/v2\/types\/post"}],"author":[{"embeddable":true,"href":"https:\/\/www.nereadediego.com\/en\/wp-json\/wp\/v2\/users\/1"}],"replies":[{"embeddable":true,"href":"https:\/\/www.nereadediego.com\/en\/wp-json\/wp\/v2\/comments?post=63"}],"version-history":[{"count":11,"href":"https:\/\/www.nereadediego.com\/en\/wp-json\/wp\/v2\/posts\/63\/revisions"}],"predecessor-version":[{"id":1930,"href":"https:\/\/www.nereadediego.com\/en\/wp-json\/wp\/v2\/posts\/63\/revisions\/1930"}],"wp:attachment":[{"href":"https:\/\/www.nereadediego.com\/en\/wp-json\/wp\/v2\/media?parent=63"}],"wp:term":[{"taxonomy":"category","embeddable":true,"href":"https:\/\/www.nereadediego.com\/en\/wp-json\/wp\/v2\/categories?post=63"},{"taxonomy":"post_tag","embeddable":true,"href":"https:\/\/www.nereadediego.com\/en\/wp-json\/wp\/v2\/tags?post=63"}],"curies":[{"name":"wp","href":"https:\/\/api.w.org\/{rel}","templated":true}]}}